{"id":25131,"date":"2025-12-01T11:10:00","date_gmt":"2025-12-01T11:10:00","guid":{"rendered":"https:\/\/ponsip.com\/?p=25131"},"modified":"2025-12-05T08:11:19","modified_gmt":"2025-12-05T08:11:19","slug":"pons-ip-strengthens-its-commitment-to-industrial-property-at-andemas-3rd-european-forum-on-industrial-property","status":"publish","type":"post","link":"https:\/\/ponsip.com\/en\/ip-news\/brands\/pons-ip-strengthens-its-commitment-to-industrial-property-at-andemas-3rd-european-forum-on-industrial-property\/","title":{"rendered":"PONS IP strengthens its commitment to industrial property at ANDEMA&#8217;s 3rd European Forum on Industrial Property"},"content":{"rendered":"\n<p>From the 26th to the 28th of November, Barcelona became the European epicentre of Industrial Property for the 3rd European Forum on Industrial Property held by ANDEMA (Association for the Defence of Brands), with the support of The Spanish Patent and Trademark Office (OEPM), Barcelona City Council and ACCI\u00d3, among other private sector partners.&nbsp;<\/p>\n\n\n\n<p>This event brought together over 300 experts, institutional representatives and international organisations, such as INTA, EUIPO and WIPO, to discuss the main challenges and opportunities regarding trademarks, patents and the fight against counterfeiting. In addition to more participants than ever before, as well as significant institutional participation, media coverage and broader and varied content, this was the Forum edition with the highest attendance of representatives from brands and European and international organisation. &nbsp;The attendance of ANDEMA\u2019s counterpart associations from France or Italy, UNIFAB and INDICAM, the International Trademark&nbsp;Association&nbsp;(INTA), the&nbsp;Global Anti-Counterfeiting Group,&nbsp;the European Intellectual Property Office&nbsp;(EUIPO) or the World Intellectual Property Office&nbsp;(WIPO) are of particular note.<\/p>\n\n\n\n<p>Eduardo Petrossi, president of ANDEMA, emphasised that \u201cwe are looking at the consolidation not only of this Forum, which has an increasing European and International dimension, but the role of our country and its contribution to the world of industrial property. This forum shows that industrial property is not only a legal aspect, it is a driver of economic, social and cultural development. Protecting trademarks means protecting employment, innovation and trust. Spain is spearheading this commitment in Europe\u201d, Petrossi concluded.<\/p>\n\n\n\n<p>PONS IP took on a leading role in two workshops with the participation of Pablo L\u00f3pez Ronda, Trademark &amp; Brand Intelligence Director, and Juan Luis Antol\u00edn G\u00f3mez, Communications Director. Roc\u00edo Peris, Marketing Director, and Dulce Rodr\u00edguez, Industrial Property consultant in the Marketing Management Department, also participated, strengthening the presence of our company in this strategic forum.<\/p>\n\n\n\n<figure class=\"wp-block-gallery has-nested-images columns-default is-cropped wp-block-gallery-1 is-layout-flex wp-block-gallery-is-layout-flex\">\n<figure class=\"wp-block-image size-large\"><img fetchpriority=\"high\" decoding=\"async\" width=\"1024\" height=\"538\" data-id=\"25115\" src=\"https:\/\/ponsip.com\/wp-content\/uploads\/2025\/11\/Multimedia-24-1024x538.jpg\" alt=\"\" class=\"wp-image-25115\" srcset=\"https:\/\/ponsip.com\/wp-content\/uploads\/2025\/11\/Multimedia-24-1024x538.jpg 1024w, https:\/\/ponsip.com\/wp-content\/uploads\/2025\/11\/Multimedia-24-300x158.jpg 300w, https:\/\/ponsip.com\/wp-content\/uploads\/2025\/11\/Multimedia-24-768x403.jpg 768w, https:\/\/ponsip.com\/wp-content\/uploads\/2025\/11\/Multimedia-24-1536x806.jpg 1536w, https:\/\/ponsip.com\/wp-content\/uploads\/2025\/11\/Multimedia-24.jpg 1600w\" sizes=\"(max-width: 1024px) 100vw, 1024px\" \/><figcaption class=\"wp-element-caption\"><em>Pablo L\u00f3pez Ronda. Director of the Trademarks &amp; Brand Intelligence Area<\/em><\/figcaption><\/figure>\n\n\n\n<figure class=\"wp-block-image size-large\"><img decoding=\"async\" width=\"1024\" height=\"767\" data-id=\"25117\" src=\"https:\/\/ponsip.com\/wp-content\/uploads\/2025\/11\/Multimedia-30-1024x767.jpg\" alt=\"\" class=\"wp-image-25117\" srcset=\"https:\/\/ponsip.com\/wp-content\/uploads\/2025\/11\/Multimedia-30-1024x767.jpg 1024w, https:\/\/ponsip.com\/wp-content\/uploads\/2025\/11\/Multimedia-30-300x225.jpg 300w, https:\/\/ponsip.com\/wp-content\/uploads\/2025\/11\/Multimedia-30-768x576.jpg 768w, https:\/\/ponsip.com\/wp-content\/uploads\/2025\/11\/Multimedia-30-1536x1151.jpg 1536w, https:\/\/ponsip.com\/wp-content\/uploads\/2025\/11\/Multimedia-30.jpg 1600w\" sizes=\"(max-width: 1024px) 100vw, 1024px\" \/><figcaption class=\"wp-element-caption\">Juan Luis Antol\u00edn. <strong>Director of Communications<\/strong><\/figcaption><\/figure>\n<\/figure>\n\n\n\n<p>The topics addressed included police coordination against counterfeiting, the impact of essential patents on competition, the challenges of the digital world and sustainability, as well as the role of media in protecting trademark rights and promoting IP culture in society.<\/p>\n\n\n\n<p>Alongside PONS IP, leading experts attended the two-day European Forum participating in round tables, including institutions of note such as the European Commission, the Spanish Data Protection Agency, Customs and Tax Agency, Madrid City Council and Barcelona&#8217;s Prosecutor&#8217;s Office, as well as companies such as Ecoalf, ISDIN, Inditex, HM Hospitales, Louis Vuitton, Mahou San Miguel, Angulas Aguinaga, TOUS or Xiaomi.<\/p>\n\n\n\n<p><\/p>\n","protected":false},"excerpt":{"rendered":"<p>From the 26th to the 28th of November, Barcelona became the European epicentre of Industrial Property for the 3rd European Forum on Industrial Property held by ANDEMA (Association for the Defence of Brands), with the support of The Spanish Patent and Trademark Office (OEPM), Barcelona City Council and ACCI\u00d3, among other private sector partners.&nbsp; This &#8230; <a title=\"PONS IP strengthens its commitment to industrial property at ANDEMA&#8217;s 3rd European Forum on Industrial Property\" class=\"read-more\" href=\"https:\/\/ponsip.com\/en\/ip-news\/brands\/pons-ip-strengthens-its-commitment-to-industrial-property-at-andemas-3rd-european-forum-on-industrial-property\/\" aria-label=\"Read more about PONS IP strengthens its commitment to industrial property at ANDEMA&#8217;s 3rd European Forum on Industrial Property\">Read more<\/a><\/p>\n","protected":false},"author":7,"featured_media":25123,"comment_status":"closed","ping_status":"closed","sticky":false,"template":"","format":"standard","meta":{"footnotes":""},"categories":[69,66],"tags":[],"class_list":["post-25131","post","type-post","status-publish","format-standard","has-post-thumbnail","hentry","category-brand-intelligence-en","category-brands"],"yoast_head":"<!-- This site is optimized with the Yoast SEO plugin v26.2 - https:\/\/yoast.com\/wordpress\/plugins\/seo\/ -->\n<title>PONS IP strengthens its commitment to industrial property at ANDEMA&#039;s 3rd European Forum on Industrial Property<\/title>\n<meta name=\"description\" content=\"Barcelona became the European epicentre of Industrial Property for the 3rd European Forum on Industrial Property held by ANDEMA.\" \/>\n<meta name=\"robots\" content=\"index, follow, max-snippet:-1, max-image-preview:large, max-video-preview:-1\" \/>\n<meta property=\"og:locale\" content=\"en_US\" \/>\n<meta property=\"og:type\" content=\"article\" \/>\n<meta property=\"og:title\" content=\"PONS IP strengthens its commitment to industrial property at ANDEMA&#039;s 3rd European Forum on Industrial Property\" \/>\n<meta property=\"og:description\" content=\"Barcelona became the European epicentre of Industrial Property for the 3rd European Forum on Industrial Property held by ANDEMA.\" \/>\n<meta property=\"og:url\" content=\"https:\/\/ponsip.com\/en\/ip-news\/brands\/pons-ip-strengthens-its-commitment-to-industrial-property-at-andemas-3rd-european-forum-on-industrial-property\/\" \/>\n<meta property=\"og:site_name\" content=\"PONS IP\" \/>\n<meta property=\"article:published_time\" content=\"2025-12-01T11:10:00+00:00\" \/>\n<meta property=\"article:modified_time\" content=\"2025-12-05T08:11:19+00:00\" \/>\n<meta property=\"og:image\" content=\"https:\/\/ponsip.com\/wp-content\/uploads\/2025\/11\/Foro-ANDEMA-web-2.png\" \/>\n\t<meta property=\"og:image:width\" content=\"960\" \/>\n\t<meta property=\"og:image:height\" content=\"600\" \/>\n\t<meta property=\"og:image:type\" content=\"image\/png\" \/>\n<meta name=\"author\" content=\"PONS IP\" \/>\n<meta name=\"twitter:card\" content=\"summary_large_image\" \/>\n<meta name=\"twitter:label1\" content=\"Written by\" \/>\n\t<meta name=\"twitter:data1\" content=\"PONS IP\" \/>\n\t<meta name=\"twitter:label2\" content=\"Est. reading time\" \/>\n\t<meta name=\"twitter:data2\" content=\"3 minutes\" \/>\n<script type=\"application\/ld+json\" class=\"yoast-schema-graph\">{\"@context\":\"https:\/\/schema.org\",\"@graph\":[{\"@type\":\"Article\",\"@id\":\"https:\/\/ponsip.com\/en\/ip-news\/brands\/pons-ip-strengthens-its-commitment-to-industrial-property-at-andemas-3rd-european-forum-on-industrial-property\/#article\",\"isPartOf\":{\"@id\":\"https:\/\/ponsip.com\/en\/ip-news\/brands\/pons-ip-strengthens-its-commitment-to-industrial-property-at-andemas-3rd-european-forum-on-industrial-property\/\"},\"author\":{\"name\":\"PONS IP\",\"@id\":\"https:\/\/ponsip.com\/#\/schema\/person\/fddacdd4083a1386da67844c9a9aa1ad\"},\"headline\":\"PONS IP strengthens its commitment to industrial property at ANDEMA&#8217;s 3rd European Forum on Industrial Property\",\"datePublished\":\"2025-12-01T11:10:00+00:00\",\"dateModified\":\"2025-12-05T08:11:19+00:00\",\"mainEntityOfPage\":{\"@id\":\"https:\/\/ponsip.com\/en\/ip-news\/brands\/pons-ip-strengthens-its-commitment-to-industrial-property-at-andemas-3rd-european-forum-on-industrial-property\/\"},\"wordCount\":452,\"publisher\":{\"@id\":\"https:\/\/ponsip.com\/#organization\"},\"image\":{\"@id\":\"https:\/\/ponsip.com\/en\/ip-news\/brands\/pons-ip-strengthens-its-commitment-to-industrial-property-at-andemas-3rd-european-forum-on-industrial-property\/#primaryimage\"},\"thumbnailUrl\":\"https:\/\/ponsip.com\/wp-content\/uploads\/2025\/11\/Foro-ANDEMA-web-2.png\",\"articleSection\":[\"Brand Intelligence\",\"Brands\"],\"inLanguage\":\"en-US\"},{\"@type\":\"WebPage\",\"@id\":\"https:\/\/ponsip.com\/en\/ip-news\/brands\/pons-ip-strengthens-its-commitment-to-industrial-property-at-andemas-3rd-european-forum-on-industrial-property\/\",\"url\":\"https:\/\/ponsip.com\/en\/ip-news\/brands\/pons-ip-strengthens-its-commitment-to-industrial-property-at-andemas-3rd-european-forum-on-industrial-property\/\",\"name\":\"PONS IP strengthens its commitment to industrial property at ANDEMA's 3rd European Forum on Industrial Property\",\"isPartOf\":{\"@id\":\"https:\/\/ponsip.com\/#website\"},\"primaryImageOfPage\":{\"@id\":\"https:\/\/ponsip.com\/en\/ip-news\/brands\/pons-ip-strengthens-its-commitment-to-industrial-property-at-andemas-3rd-european-forum-on-industrial-property\/#primaryimage\"},\"image\":{\"@id\":\"https:\/\/ponsip.com\/en\/ip-news\/brands\/pons-ip-strengthens-its-commitment-to-industrial-property-at-andemas-3rd-european-forum-on-industrial-property\/#primaryimage\"},\"thumbnailUrl\":\"https:\/\/ponsip.com\/wp-content\/uploads\/2025\/11\/Foro-ANDEMA-web-2.png\",\"datePublished\":\"2025-12-01T11:10:00+00:00\",\"dateModified\":\"2025-12-05T08:11:19+00:00\",\"description\":\"Barcelona became the European epicentre of Industrial Property for the 3rd European Forum on Industrial Property held by ANDEMA.\",\"breadcrumb\":{\"@id\":\"https:\/\/ponsip.com\/en\/ip-news\/brands\/pons-ip-strengthens-its-commitment-to-industrial-property-at-andemas-3rd-european-forum-on-industrial-property\/#breadcrumb\"},\"inLanguage\":\"en-US\",\"potentialAction\":[{\"@type\":\"ReadAction\",\"target\":[\"https:\/\/ponsip.com\/en\/ip-news\/brands\/pons-ip-strengthens-its-commitment-to-industrial-property-at-andemas-3rd-european-forum-on-industrial-property\/\"]}]},{\"@type\":\"ImageObject\",\"inLanguage\":\"en-US\",\"@id\":\"https:\/\/ponsip.com\/en\/ip-news\/brands\/pons-ip-strengthens-its-commitment-to-industrial-property-at-andemas-3rd-european-forum-on-industrial-property\/#primaryimage\",\"url\":\"https:\/\/ponsip.com\/wp-content\/uploads\/2025\/11\/Foro-ANDEMA-web-2.png\",\"contentUrl\":\"https:\/\/ponsip.com\/wp-content\/uploads\/2025\/11\/Foro-ANDEMA-web-2.png\",\"width\":960,\"height\":600},{\"@type\":\"BreadcrumbList\",\"@id\":\"https:\/\/ponsip.com\/en\/ip-news\/brands\/pons-ip-strengthens-its-commitment-to-industrial-property-at-andemas-3rd-european-forum-on-industrial-property\/#breadcrumb\",\"itemListElement\":[{\"@type\":\"ListItem\",\"position\":1,\"name\":\"Portada\",\"item\":\"https:\/\/ponsip.com\/\"},{\"@type\":\"ListItem\",\"position\":2,\"name\":\"PONS IP strengthens its commitment to industrial property at ANDEMA&#8217;s 3rd European Forum on Industrial Property\"}]},{\"@type\":\"WebSite\",\"@id\":\"https:\/\/ponsip.com\/#website\",\"url\":\"https:\/\/ponsip.com\/\",\"name\":\"PONS IP\",\"description\":\"Consultora Global especializada en Propiedad Industrial e Intelectual.\",\"publisher\":{\"@id\":\"https:\/\/ponsip.com\/#organization\"},\"potentialAction\":[{\"@type\":\"SearchAction\",\"target\":{\"@type\":\"EntryPoint\",\"urlTemplate\":\"https:\/\/ponsip.com\/?s={search_term_string}\"},\"query-input\":{\"@type\":\"PropertyValueSpecification\",\"valueRequired\":true,\"valueName\":\"search_term_string\"}}],\"inLanguage\":\"en-US\"},{\"@type\":\"Organization\",\"@id\":\"https:\/\/ponsip.com\/#organization\",\"name\":\"PONS IP\",\"url\":\"https:\/\/ponsip.com\/\",\"logo\":{\"@type\":\"ImageObject\",\"inLanguage\":\"en-US\",\"@id\":\"https:\/\/ponsip.com\/#\/schema\/logo\/image\/\",\"url\":\"https:\/\/ponsip.com\/wp-content\/uploads\/2021\/11\/logo-pons-ip.svg\",\"contentUrl\":\"https:\/\/ponsip.com\/wp-content\/uploads\/2021\/11\/logo-pons-ip.svg\",\"width\":166,\"height\":26,\"caption\":\"PONS IP\"},\"image\":{\"@id\":\"https:\/\/ponsip.com\/#\/schema\/logo\/image\/\"}},{\"@type\":\"Person\",\"@id\":\"https:\/\/ponsip.com\/#\/schema\/person\/fddacdd4083a1386da67844c9a9aa1ad\",\"name\":\"PONS IP\",\"image\":{\"@type\":\"ImageObject\",\"inLanguage\":\"en-US\",\"@id\":\"https:\/\/ponsip.com\/#\/schema\/person\/image\/\",\"url\":\"https:\/\/secure.gravatar.com\/avatar\/5293da9eb0924dc5a688c6ae125c68e6fd556f4e7a1ee9e98d058af84d5f5b6b?s=96&d=mm&r=g\",\"contentUrl\":\"https:\/\/secure.gravatar.com\/avatar\/5293da9eb0924dc5a688c6ae125c68e6fd556f4e7a1ee9e98d058af84d5f5b6b?s=96&d=mm&r=g\",\"caption\":\"PONS IP\"},\"url\":\"https:\/\/ponsip.com\/en\/ip-news\/author\/pons-ip\/\"}]}<\/script>\n<!-- \/ Yoast SEO plugin. -->","yoast_head_json":{"title":"PONS IP strengthens its commitment to industrial property at ANDEMA's 3rd European Forum on Industrial Property","description":"Barcelona became the European epicentre of Industrial Property for the 3rd European Forum on Industrial Property held by ANDEMA.","robots":{"index":"index","follow":"follow","max-snippet":"max-snippet:-1","max-image-preview":"max-image-preview:large","max-video-preview":"max-video-preview:-1"},"og_locale":"en_US","og_type":"article","og_title":"PONS IP strengthens its commitment to industrial property at ANDEMA's 3rd European Forum on Industrial Property","og_description":"Barcelona became the European epicentre of Industrial Property for the 3rd European Forum on Industrial Property held by ANDEMA.","og_url":"https:\/\/ponsip.com\/en\/ip-news\/brands\/pons-ip-strengthens-its-commitment-to-industrial-property-at-andemas-3rd-european-forum-on-industrial-property\/","og_site_name":"PONS IP","article_published_time":"2025-12-01T11:10:00+00:00","article_modified_time":"2025-12-05T08:11:19+00:00","og_image":[{"width":960,"height":600,"url":"https:\/\/ponsip.com\/wp-content\/uploads\/2025\/11\/Foro-ANDEMA-web-2.png","type":"image\/png"}],"author":"PONS IP","twitter_card":"summary_large_image","twitter_misc":{"Written by":"PONS IP","Est. reading time":"3 minutes"},"schema":{"@context":"https:\/\/schema.org","@graph":[{"@type":"Article","@id":"https:\/\/ponsip.com\/en\/ip-news\/brands\/pons-ip-strengthens-its-commitment-to-industrial-property-at-andemas-3rd-european-forum-on-industrial-property\/#article","isPartOf":{"@id":"https:\/\/ponsip.com\/en\/ip-news\/brands\/pons-ip-strengthens-its-commitment-to-industrial-property-at-andemas-3rd-european-forum-on-industrial-property\/"},"author":{"name":"PONS IP","@id":"https:\/\/ponsip.com\/#\/schema\/person\/fddacdd4083a1386da67844c9a9aa1ad"},"headline":"PONS IP strengthens its commitment to industrial property at ANDEMA&#8217;s 3rd European Forum on Industrial Property","datePublished":"2025-12-01T11:10:00+00:00","dateModified":"2025-12-05T08:11:19+00:00","mainEntityOfPage":{"@id":"https:\/\/ponsip.com\/en\/ip-news\/brands\/pons-ip-strengthens-its-commitment-to-industrial-property-at-andemas-3rd-european-forum-on-industrial-property\/"},"wordCount":452,"publisher":{"@id":"https:\/\/ponsip.com\/#organization"},"image":{"@id":"https:\/\/ponsip.com\/en\/ip-news\/brands\/pons-ip-strengthens-its-commitment-to-industrial-property-at-andemas-3rd-european-forum-on-industrial-property\/#primaryimage"},"thumbnailUrl":"https:\/\/ponsip.com\/wp-content\/uploads\/2025\/11\/Foro-ANDEMA-web-2.png","articleSection":["Brand Intelligence","Brands"],"inLanguage":"en-US"},{"@type":"WebPage","@id":"https:\/\/ponsip.com\/en\/ip-news\/brands\/pons-ip-strengthens-its-commitment-to-industrial-property-at-andemas-3rd-european-forum-on-industrial-property\/","url":"https:\/\/ponsip.com\/en\/ip-news\/brands\/pons-ip-strengthens-its-commitment-to-industrial-property-at-andemas-3rd-european-forum-on-industrial-property\/","name":"PONS IP strengthens its commitment to industrial property at ANDEMA's 3rd European Forum on Industrial Property","isPartOf":{"@id":"https:\/\/ponsip.com\/#website"},"primaryImageOfPage":{"@id":"https:\/\/ponsip.com\/en\/ip-news\/brands\/pons-ip-strengthens-its-commitment-to-industrial-property-at-andemas-3rd-european-forum-on-industrial-property\/#primaryimage"},"image":{"@id":"https:\/\/ponsip.com\/en\/ip-news\/brands\/pons-ip-strengthens-its-commitment-to-industrial-property-at-andemas-3rd-european-forum-on-industrial-property\/#primaryimage"},"thumbnailUrl":"https:\/\/ponsip.com\/wp-content\/uploads\/2025\/11\/Foro-ANDEMA-web-2.png","datePublished":"2025-12-01T11:10:00+00:00","dateModified":"2025-12-05T08:11:19+00:00","description":"Barcelona became the European epicentre of Industrial Property for the 3rd European Forum on Industrial Property held by ANDEMA.","breadcrumb":{"@id":"https:\/\/ponsip.com\/en\/ip-news\/brands\/pons-ip-strengthens-its-commitment-to-industrial-property-at-andemas-3rd-european-forum-on-industrial-property\/#breadcrumb"},"inLanguage":"en-US","potentialAction":[{"@type":"ReadAction","target":["https:\/\/ponsip.com\/en\/ip-news\/brands\/pons-ip-strengthens-its-commitment-to-industrial-property-at-andemas-3rd-european-forum-on-industrial-property\/"]}]},{"@type":"ImageObject","inLanguage":"en-US","@id":"https:\/\/ponsip.com\/en\/ip-news\/brands\/pons-ip-strengthens-its-commitment-to-industrial-property-at-andemas-3rd-european-forum-on-industrial-property\/#primaryimage","url":"https:\/\/ponsip.com\/wp-content\/uploads\/2025\/11\/Foro-ANDEMA-web-2.png","contentUrl":"https:\/\/ponsip.com\/wp-content\/uploads\/2025\/11\/Foro-ANDEMA-web-2.png","width":960,"height":600},{"@type":"BreadcrumbList","@id":"https:\/\/ponsip.com\/en\/ip-news\/brands\/pons-ip-strengthens-its-commitment-to-industrial-property-at-andemas-3rd-european-forum-on-industrial-property\/#breadcrumb","itemListElement":[{"@type":"ListItem","position":1,"name":"Portada","item":"https:\/\/ponsip.com\/"},{"@type":"ListItem","position":2,"name":"PONS IP strengthens its commitment to industrial property at ANDEMA&#8217;s 3rd European Forum on Industrial Property"}]},{"@type":"WebSite","@id":"https:\/\/ponsip.com\/#website","url":"https:\/\/ponsip.com\/","name":"PONS IP","description":"Consultora Global especializada en Propiedad Industrial e Intelectual.","publisher":{"@id":"https:\/\/ponsip.com\/#organization"},"potentialAction":[{"@type":"SearchAction","target":{"@type":"EntryPoint","urlTemplate":"https:\/\/ponsip.com\/?s={search_term_string}"},"query-input":{"@type":"PropertyValueSpecification","valueRequired":true,"valueName":"search_term_string"}}],"inLanguage":"en-US"},{"@type":"Organization","@id":"https:\/\/ponsip.com\/#organization","name":"PONS IP","url":"https:\/\/ponsip.com\/","logo":{"@type":"ImageObject","inLanguage":"en-US","@id":"https:\/\/ponsip.com\/#\/schema\/logo\/image\/","url":"https:\/\/ponsip.com\/wp-content\/uploads\/2021\/11\/logo-pons-ip.svg","contentUrl":"https:\/\/ponsip.com\/wp-content\/uploads\/2021\/11\/logo-pons-ip.svg","width":166,"height":26,"caption":"PONS IP"},"image":{"@id":"https:\/\/ponsip.com\/#\/schema\/logo\/image\/"}},{"@type":"Person","@id":"https:\/\/ponsip.com\/#\/schema\/person\/fddacdd4083a1386da67844c9a9aa1ad","name":"PONS IP","image":{"@type":"ImageObject","inLanguage":"en-US","@id":"https:\/\/ponsip.com\/#\/schema\/person\/image\/","url":"https:\/\/secure.gravatar.com\/avatar\/5293da9eb0924dc5a688c6ae125c68e6fd556f4e7a1ee9e98d058af84d5f5b6b?s=96&d=mm&r=g","contentUrl":"https:\/\/secure.gravatar.com\/avatar\/5293da9eb0924dc5a688c6ae125c68e6fd556f4e7a1ee9e98d058af84d5f5b6b?s=96&d=mm&r=g","caption":"PONS IP"},"url":"https:\/\/ponsip.com\/en\/ip-news\/author\/pons-ip\/"}]}},"_links":{"self":[{"href":"https:\/\/ponsip.com\/en\/wp-json\/wp\/v2\/posts\/25131","targetHints":{"allow":["GET"]}}],"collection":[{"href":"https:\/\/ponsip.com\/en\/wp-json\/wp\/v2\/posts"}],"about":[{"href":"https:\/\/ponsip.com\/en\/wp-json\/wp\/v2\/types\/post"}],"author":[{"embeddable":true,"href":"https:\/\/ponsip.com\/en\/wp-json\/wp\/v2\/users\/7"}],"replies":[{"embeddable":true,"href":"https:\/\/ponsip.com\/en\/wp-json\/wp\/v2\/comments?post=25131"}],"version-history":[{"count":2,"href":"https:\/\/ponsip.com\/en\/wp-json\/wp\/v2\/posts\/25131\/revisions"}],"predecessor-version":[{"id":25133,"href":"https:\/\/ponsip.com\/en\/wp-json\/wp\/v2\/posts\/25131\/revisions\/25133"}],"wp:featuredmedia":[{"embeddable":true,"href":"https:\/\/ponsip.com\/en\/wp-json\/wp\/v2\/media\/25123"}],"wp:attachment":[{"href":"https:\/\/ponsip.com\/en\/wp-json\/wp\/v2\/media?parent=25131"}],"wp:term":[{"taxonomy":"category","embeddable":true,"href":"https:\/\/ponsip.com\/en\/wp-json\/wp\/v2\/categories?post=25131"},{"taxonomy":"post_tag","embeddable":true,"href":"https:\/\/ponsip.com\/en\/wp-json\/wp\/v2\/tags?post=25131"}],"curies":[{"name":"wp","href":"https:\/\/api.w.org\/{rel}","templated":true}]}}