{"id":22811,"date":"2024-09-17T10:35:28","date_gmt":"2024-09-17T10:35:28","guid":{"rendered":"https:\/\/ponsip.com\/?p=22811"},"modified":"2024-09-17T10:35:29","modified_gmt":"2024-09-17T10:35:29","slug":"pons-ip-consolidates-its-growth-in-latin-america-with-the-expansion-and-consolidation-of-its-team-in-colombia","status":"publish","type":"post","link":"https:\/\/ponsip.com\/en\/ip-news\/news\/pons-ip-consolidates-its-growth-in-latin-america-with-the-expansion-and-consolidation-of-its-team-in-colombia\/","title":{"rendered":"PONS IP consolidates its growth in Latin America with the expansion and consolidation of its team in Colombia"},"content":{"rendered":"\n<p>PONS IP Colombia<strong>,<\/strong> the Bogot\u00e1-based office of the global consulting firm specialising in intellectual property, continues its growth strategy with the announcement of two internal promotions, <strong><a href=\"https:\/\/www.linkedin.com\/in\/nicolas-carvajal-reyes-323ba11b?miniProfileUrn=urn%3Ali%3Afs_miniProfile%3AACoAAARE5osBEsY4uh3FSQRT3htTaTHHLdNjjaU&amp;lipi=urn%3Ali%3Apage%3Ad_flagship3_search_srp_all%3Bl3k9kqhETxyS%2BQqnBtIONA%3D%3D\">Nicol\u00e1s Carvajal<\/a><\/strong> and<strong> <a href=\"https:\/\/www.linkedin.com\/in\/andrea-d%C3%ADaz-mu%C3%B1oz?miniProfileUrn=urn%3Ali%3Afs_miniProfile%3AACoAADbyH5oBgu1jJMJpro0wvtjJ_hi5ojPVHC4&amp;lipi=urn%3Ali%3Apage%3Ad_flagship3_search_srp_all%3BrH1%2FSvOaRfmj5vL0TkG1Wg%3D%3D\">Andrea D\u00edaz<\/a><\/strong>, along with the announcement of the incorporation of lawyers <strong>Stephanie Ortiz<\/strong> and<strong> Marcela L\u00f3pez<\/strong>, to reinforce the PONS IP team in the Andean country. Following this double announcement, Claudia Luc\u00eda Caro, General Manager of the consulting firm\u2019s Colombia office said: \u201cThis is a step that will help the company to successfully face this new stage and will also serve to respond to the challenges of the LATAM market and support the entire global team within the consulting firm.\u201d <\/p>\n\n<p>After eight years in the company, <strong>Nicol\u00e1s Carvajal<\/strong> has been promoted to the position of Technical Director of Patents, taking over responsibility for the department and the management of the team. As a result of his experience accumulated in recent years, where Mr Carvajal has been recognised among the leading professionals in the sector in the main international rankings, PONS IP is today one of the leading companies in the protection of patented assets in the Andean country and in Latin America. <\/p>\n\n<p><br\/><strong>Andrea D\u00edaz<\/strong> has also been promoted to <strong>Senior Lawyer<\/strong> in the Litigation area on the team led by <a href=\"https:\/\/www.linkedin.com\/in\/juan-camilo-amaya-alvarez-ba811686?miniProfileUrn=urn%3Ali%3Afs_miniProfile%3AACoAABIrrDABUKpadXORHZ98OXIOhKSJaLfR19A&amp;lipi=urn%3Ali%3Apage%3Ad_flagship3_search_srp_all%3BMJ6x%2Bm6PRN2HogCEZMqHcA%3D%3D\">Juan Camilo Amaya<\/a>, Assistant Director of PONS IP Colombia. With her entire career linked to the consulting firm, Ms D\u00edaz has progressively risen in responsibility within PONS IP until reaching the position she will now occupy. <\/p>\n\n<p>Thus, at the beginning of this new stage of growth and internationalisation for the company in Latin America, PONS IP has expanded its team with the incorporation of <strong>Stephanie Ortiz <\/strong>as <strong>Junior Lawyer<\/strong> and <strong>Marcela L\u00f3pez<\/strong> as <strong>Paralegal<\/strong> , thus reinforcing the team of professionals in the Litigation area of PONS IP. \u201cWith these two additions, together with the promotion of our internal talent, we are convinced that PONS IP Colombia will continue on the path of growth and achieve many successes at a business level,\u201d concluded Claudia Luc\u00eda Caro. <\/p>\n","protected":false},"excerpt":{"rendered":"<p>PONS IP Colombia, the Bogot\u00e1-based office of the global consulting firm specialising in intellectual property, continues its growth strategy with the announcement of two internal promotions, Nicol\u00e1s Carvajal and Andrea D\u00edaz, along with the announcement of the incorporation of lawyers Stephanie Ortiz and Marcela L\u00f3pez, to reinforce the PONS IP team in the Andean country. &#8230; <a title=\"PONS IP consolidates its growth in Latin America with the expansion and consolidation of its team in Colombia\" class=\"read-more\" href=\"https:\/\/ponsip.com\/en\/ip-news\/news\/pons-ip-consolidates-its-growth-in-latin-america-with-the-expansion-and-consolidation-of-its-team-in-colombia\/\" aria-label=\"Read more about PONS IP consolidates its growth in Latin America with the expansion and consolidation of its team in Colombia\">Read more<\/a><\/p>\n","protected":false},"author":7,"featured_media":22808,"comment_status":"closed","ping_status":"closed","sticky":false,"template":"","format":"standard","meta":{"footnotes":""},"categories":[91,75,65],"tags":[59],"class_list":["post-22811","post","type-post","status-publish","format-standard","has-post-thumbnail","hentry","category-colombia-news","category-intellectual-property","category-news","tag-articles"],"yoast_head":"<!-- This site is optimized with the Yoast SEO plugin v26.2 - https:\/\/yoast.com\/wordpress\/plugins\/seo\/ -->\n<title>PONS IP consolidates its growth in Latin America with the expansion and consolidation of its team in Colombia - PONS IP<\/title>\n<meta name=\"robots\" content=\"index, follow, max-snippet:-1, max-image-preview:large, max-video-preview:-1\" \/>\n<meta property=\"og:locale\" content=\"en_US\" \/>\n<meta property=\"og:type\" content=\"article\" \/>\n<meta property=\"og:title\" content=\"PONS IP consolidates its growth in Latin America with the expansion and consolidation of its team in Colombia - PONS IP\" \/>\n<meta property=\"og:description\" content=\"PONS IP Colombia, the Bogot\u00e1-based office of the global consulting firm specialising in intellectual property, continues its growth strategy with the announcement of two internal promotions, Nicol\u00e1s Carvajal and Andrea D\u00edaz, along with the announcement of the incorporation of lawyers Stephanie Ortiz and Marcela L\u00f3pez, to reinforce the PONS IP team in the Andean country. ... Read more\" \/>\n<meta property=\"og:url\" content=\"https:\/\/ponsip.com\/en\/ip-news\/news\/pons-ip-consolidates-its-growth-in-latin-america-with-the-expansion-and-consolidation-of-its-team-in-colombia\/\" \/>\n<meta property=\"og:site_name\" content=\"PONS IP\" \/>\n<meta property=\"article:published_time\" content=\"2024-09-17T10:35:28+00:00\" \/>\n<meta property=\"article:modified_time\" content=\"2024-09-17T10:35:29+00:00\" \/>\n<meta property=\"og:image\" content=\"https:\/\/ponsip.com\/wp-content\/uploads\/2024\/09\/Imagen-equipo-Colombia-scaled.jpg\" \/>\n\t<meta property=\"og:image:width\" content=\"2560\" \/>\n\t<meta property=\"og:image:height\" content=\"1707\" \/>\n\t<meta property=\"og:image:type\" content=\"image\/jpeg\" \/>\n<meta name=\"author\" content=\"PONS IP\" \/>\n<meta name=\"twitter:card\" content=\"summary_large_image\" \/>\n<meta name=\"twitter:label1\" content=\"Written by\" \/>\n\t<meta name=\"twitter:data1\" content=\"PONS IP\" \/>\n\t<meta name=\"twitter:label2\" content=\"Est. reading time\" \/>\n\t<meta name=\"twitter:data2\" content=\"2 minutes\" \/>\n<script type=\"application\/ld+json\" class=\"yoast-schema-graph\">{\"@context\":\"https:\/\/schema.org\",\"@graph\":[{\"@type\":\"Article\",\"@id\":\"https:\/\/ponsip.com\/en\/ip-news\/news\/pons-ip-consolidates-its-growth-in-latin-america-with-the-expansion-and-consolidation-of-its-team-in-colombia\/#article\",\"isPartOf\":{\"@id\":\"https:\/\/ponsip.com\/en\/ip-news\/news\/pons-ip-consolidates-its-growth-in-latin-america-with-the-expansion-and-consolidation-of-its-team-in-colombia\/\"},\"author\":{\"name\":\"PONS IP\",\"@id\":\"https:\/\/ponsip.com\/#\/schema\/person\/fddacdd4083a1386da67844c9a9aa1ad\"},\"headline\":\"PONS IP consolidates its growth in Latin America with the expansion and consolidation of its team in Colombia\",\"datePublished\":\"2024-09-17T10:35:28+00:00\",\"dateModified\":\"2024-09-17T10:35:29+00:00\",\"mainEntityOfPage\":{\"@id\":\"https:\/\/ponsip.com\/en\/ip-news\/news\/pons-ip-consolidates-its-growth-in-latin-america-with-the-expansion-and-consolidation-of-its-team-in-colombia\/\"},\"wordCount\":363,\"publisher\":{\"@id\":\"https:\/\/ponsip.com\/#organization\"},\"image\":{\"@id\":\"https:\/\/ponsip.com\/en\/ip-news\/news\/pons-ip-consolidates-its-growth-in-latin-america-with-the-expansion-and-consolidation-of-its-team-in-colombia\/#primaryimage\"},\"thumbnailUrl\":\"https:\/\/ponsip.com\/wp-content\/uploads\/2024\/09\/Imagen-equipo-Colombia-scaled.jpg\",\"keywords\":[\"Articles\"],\"articleSection\":[\"Colombia News\",\"Intellectual Property\",\"News\"],\"inLanguage\":\"en-US\"},{\"@type\":\"WebPage\",\"@id\":\"https:\/\/ponsip.com\/en\/ip-news\/news\/pons-ip-consolidates-its-growth-in-latin-america-with-the-expansion-and-consolidation-of-its-team-in-colombia\/\",\"url\":\"https:\/\/ponsip.com\/en\/ip-news\/news\/pons-ip-consolidates-its-growth-in-latin-america-with-the-expansion-and-consolidation-of-its-team-in-colombia\/\",\"name\":\"PONS IP consolidates its growth in Latin America with the expansion and consolidation of its team in Colombia - PONS IP\",\"isPartOf\":{\"@id\":\"https:\/\/ponsip.com\/#website\"},\"primaryImageOfPage\":{\"@id\":\"https:\/\/ponsip.com\/en\/ip-news\/news\/pons-ip-consolidates-its-growth-in-latin-america-with-the-expansion-and-consolidation-of-its-team-in-colombia\/#primaryimage\"},\"image\":{\"@id\":\"https:\/\/ponsip.com\/en\/ip-news\/news\/pons-ip-consolidates-its-growth-in-latin-america-with-the-expansion-and-consolidation-of-its-team-in-colombia\/#primaryimage\"},\"thumbnailUrl\":\"https:\/\/ponsip.com\/wp-content\/uploads\/2024\/09\/Imagen-equipo-Colombia-scaled.jpg\",\"datePublished\":\"2024-09-17T10:35:28+00:00\",\"dateModified\":\"2024-09-17T10:35:29+00:00\",\"breadcrumb\":{\"@id\":\"https:\/\/ponsip.com\/en\/ip-news\/news\/pons-ip-consolidates-its-growth-in-latin-america-with-the-expansion-and-consolidation-of-its-team-in-colombia\/#breadcrumb\"},\"inLanguage\":\"en-US\",\"potentialAction\":[{\"@type\":\"ReadAction\",\"target\":[\"https:\/\/ponsip.com\/en\/ip-news\/news\/pons-ip-consolidates-its-growth-in-latin-america-with-the-expansion-and-consolidation-of-its-team-in-colombia\/\"]}]},{\"@type\":\"ImageObject\",\"inLanguage\":\"en-US\",\"@id\":\"https:\/\/ponsip.com\/en\/ip-news\/news\/pons-ip-consolidates-its-growth-in-latin-america-with-the-expansion-and-consolidation-of-its-team-in-colombia\/#primaryimage\",\"url\":\"https:\/\/ponsip.com\/wp-content\/uploads\/2024\/09\/Imagen-equipo-Colombia-scaled.jpg\",\"contentUrl\":\"https:\/\/ponsip.com\/wp-content\/uploads\/2024\/09\/Imagen-equipo-Colombia-scaled.jpg\",\"width\":2560,\"height\":1707},{\"@type\":\"BreadcrumbList\",\"@id\":\"https:\/\/ponsip.com\/en\/ip-news\/news\/pons-ip-consolidates-its-growth-in-latin-america-with-the-expansion-and-consolidation-of-its-team-in-colombia\/#breadcrumb\",\"itemListElement\":[{\"@type\":\"ListItem\",\"position\":1,\"name\":\"Portada\",\"item\":\"https:\/\/ponsip.com\/\"},{\"@type\":\"ListItem\",\"position\":2,\"name\":\"PONS IP consolidates its growth in Latin America with the expansion and consolidation of its team in Colombia\"}]},{\"@type\":\"WebSite\",\"@id\":\"https:\/\/ponsip.com\/#website\",\"url\":\"https:\/\/ponsip.com\/\",\"name\":\"PONS IP\",\"description\":\"Consultora Global especializada en Propiedad Industrial e Intelectual.\",\"publisher\":{\"@id\":\"https:\/\/ponsip.com\/#organization\"},\"potentialAction\":[{\"@type\":\"SearchAction\",\"target\":{\"@type\":\"EntryPoint\",\"urlTemplate\":\"https:\/\/ponsip.com\/?s={search_term_string}\"},\"query-input\":{\"@type\":\"PropertyValueSpecification\",\"valueRequired\":true,\"valueName\":\"search_term_string\"}}],\"inLanguage\":\"en-US\"},{\"@type\":\"Organization\",\"@id\":\"https:\/\/ponsip.com\/#organization\",\"name\":\"PONS IP\",\"url\":\"https:\/\/ponsip.com\/\",\"logo\":{\"@type\":\"ImageObject\",\"inLanguage\":\"en-US\",\"@id\":\"https:\/\/ponsip.com\/#\/schema\/logo\/image\/\",\"url\":\"https:\/\/ponsip.com\/wp-content\/uploads\/2021\/11\/logo-pons-ip.svg\",\"contentUrl\":\"https:\/\/ponsip.com\/wp-content\/uploads\/2021\/11\/logo-pons-ip.svg\",\"width\":166,\"height\":26,\"caption\":\"PONS IP\"},\"image\":{\"@id\":\"https:\/\/ponsip.com\/#\/schema\/logo\/image\/\"}},{\"@type\":\"Person\",\"@id\":\"https:\/\/ponsip.com\/#\/schema\/person\/fddacdd4083a1386da67844c9a9aa1ad\",\"name\":\"PONS IP\",\"image\":{\"@type\":\"ImageObject\",\"inLanguage\":\"en-US\",\"@id\":\"https:\/\/ponsip.com\/#\/schema\/person\/image\/\",\"url\":\"https:\/\/secure.gravatar.com\/avatar\/5293da9eb0924dc5a688c6ae125c68e6fd556f4e7a1ee9e98d058af84d5f5b6b?s=96&d=mm&r=g\",\"contentUrl\":\"https:\/\/secure.gravatar.com\/avatar\/5293da9eb0924dc5a688c6ae125c68e6fd556f4e7a1ee9e98d058af84d5f5b6b?s=96&d=mm&r=g\",\"caption\":\"PONS IP\"},\"url\":\"https:\/\/ponsip.com\/en\/ip-news\/author\/pons-ip\/\"}]}<\/script>\n<!-- \/ Yoast SEO plugin. -->","yoast_head_json":{"title":"PONS IP consolidates its growth in Latin America with the expansion and consolidation of its team in Colombia - PONS IP","robots":{"index":"index","follow":"follow","max-snippet":"max-snippet:-1","max-image-preview":"max-image-preview:large","max-video-preview":"max-video-preview:-1"},"og_locale":"en_US","og_type":"article","og_title":"PONS IP consolidates its growth in Latin America with the expansion and consolidation of its team in Colombia - PONS IP","og_description":"PONS IP Colombia, the Bogot\u00e1-based office of the global consulting firm specialising in intellectual property, continues its growth strategy with the announcement of two internal promotions, Nicol\u00e1s Carvajal and Andrea D\u00edaz, along with the announcement of the incorporation of lawyers Stephanie Ortiz and Marcela L\u00f3pez, to reinforce the PONS IP team in the Andean country. ... Read more","og_url":"https:\/\/ponsip.com\/en\/ip-news\/news\/pons-ip-consolidates-its-growth-in-latin-america-with-the-expansion-and-consolidation-of-its-team-in-colombia\/","og_site_name":"PONS IP","article_published_time":"2024-09-17T10:35:28+00:00","article_modified_time":"2024-09-17T10:35:29+00:00","og_image":[{"width":2560,"height":1707,"url":"https:\/\/ponsip.com\/wp-content\/uploads\/2024\/09\/Imagen-equipo-Colombia-scaled.jpg","type":"image\/jpeg"}],"author":"PONS IP","twitter_card":"summary_large_image","twitter_misc":{"Written by":"PONS IP","Est. reading time":"2 minutes"},"schema":{"@context":"https:\/\/schema.org","@graph":[{"@type":"Article","@id":"https:\/\/ponsip.com\/en\/ip-news\/news\/pons-ip-consolidates-its-growth-in-latin-america-with-the-expansion-and-consolidation-of-its-team-in-colombia\/#article","isPartOf":{"@id":"https:\/\/ponsip.com\/en\/ip-news\/news\/pons-ip-consolidates-its-growth-in-latin-america-with-the-expansion-and-consolidation-of-its-team-in-colombia\/"},"author":{"name":"PONS IP","@id":"https:\/\/ponsip.com\/#\/schema\/person\/fddacdd4083a1386da67844c9a9aa1ad"},"headline":"PONS IP consolidates its growth in Latin America with the expansion and consolidation of its team in Colombia","datePublished":"2024-09-17T10:35:28+00:00","dateModified":"2024-09-17T10:35:29+00:00","mainEntityOfPage":{"@id":"https:\/\/ponsip.com\/en\/ip-news\/news\/pons-ip-consolidates-its-growth-in-latin-america-with-the-expansion-and-consolidation-of-its-team-in-colombia\/"},"wordCount":363,"publisher":{"@id":"https:\/\/ponsip.com\/#organization"},"image":{"@id":"https:\/\/ponsip.com\/en\/ip-news\/news\/pons-ip-consolidates-its-growth-in-latin-america-with-the-expansion-and-consolidation-of-its-team-in-colombia\/#primaryimage"},"thumbnailUrl":"https:\/\/ponsip.com\/wp-content\/uploads\/2024\/09\/Imagen-equipo-Colombia-scaled.jpg","keywords":["Articles"],"articleSection":["Colombia News","Intellectual Property","News"],"inLanguage":"en-US"},{"@type":"WebPage","@id":"https:\/\/ponsip.com\/en\/ip-news\/news\/pons-ip-consolidates-its-growth-in-latin-america-with-the-expansion-and-consolidation-of-its-team-in-colombia\/","url":"https:\/\/ponsip.com\/en\/ip-news\/news\/pons-ip-consolidates-its-growth-in-latin-america-with-the-expansion-and-consolidation-of-its-team-in-colombia\/","name":"PONS IP consolidates its growth in Latin America with the expansion and consolidation of its team in Colombia - PONS IP","isPartOf":{"@id":"https:\/\/ponsip.com\/#website"},"primaryImageOfPage":{"@id":"https:\/\/ponsip.com\/en\/ip-news\/news\/pons-ip-consolidates-its-growth-in-latin-america-with-the-expansion-and-consolidation-of-its-team-in-colombia\/#primaryimage"},"image":{"@id":"https:\/\/ponsip.com\/en\/ip-news\/news\/pons-ip-consolidates-its-growth-in-latin-america-with-the-expansion-and-consolidation-of-its-team-in-colombia\/#primaryimage"},"thumbnailUrl":"https:\/\/ponsip.com\/wp-content\/uploads\/2024\/09\/Imagen-equipo-Colombia-scaled.jpg","datePublished":"2024-09-17T10:35:28+00:00","dateModified":"2024-09-17T10:35:29+00:00","breadcrumb":{"@id":"https:\/\/ponsip.com\/en\/ip-news\/news\/pons-ip-consolidates-its-growth-in-latin-america-with-the-expansion-and-consolidation-of-its-team-in-colombia\/#breadcrumb"},"inLanguage":"en-US","potentialAction":[{"@type":"ReadAction","target":["https:\/\/ponsip.com\/en\/ip-news\/news\/pons-ip-consolidates-its-growth-in-latin-america-with-the-expansion-and-consolidation-of-its-team-in-colombia\/"]}]},{"@type":"ImageObject","inLanguage":"en-US","@id":"https:\/\/ponsip.com\/en\/ip-news\/news\/pons-ip-consolidates-its-growth-in-latin-america-with-the-expansion-and-consolidation-of-its-team-in-colombia\/#primaryimage","url":"https:\/\/ponsip.com\/wp-content\/uploads\/2024\/09\/Imagen-equipo-Colombia-scaled.jpg","contentUrl":"https:\/\/ponsip.com\/wp-content\/uploads\/2024\/09\/Imagen-equipo-Colombia-scaled.jpg","width":2560,"height":1707},{"@type":"BreadcrumbList","@id":"https:\/\/ponsip.com\/en\/ip-news\/news\/pons-ip-consolidates-its-growth-in-latin-america-with-the-expansion-and-consolidation-of-its-team-in-colombia\/#breadcrumb","itemListElement":[{"@type":"ListItem","position":1,"name":"Portada","item":"https:\/\/ponsip.com\/"},{"@type":"ListItem","position":2,"name":"PONS IP consolidates its growth in Latin America with the expansion and consolidation of its team in Colombia"}]},{"@type":"WebSite","@id":"https:\/\/ponsip.com\/#website","url":"https:\/\/ponsip.com\/","name":"PONS IP","description":"Consultora Global especializada en Propiedad Industrial e Intelectual.","publisher":{"@id":"https:\/\/ponsip.com\/#organization"},"potentialAction":[{"@type":"SearchAction","target":{"@type":"EntryPoint","urlTemplate":"https:\/\/ponsip.com\/?s={search_term_string}"},"query-input":{"@type":"PropertyValueSpecification","valueRequired":true,"valueName":"search_term_string"}}],"inLanguage":"en-US"},{"@type":"Organization","@id":"https:\/\/ponsip.com\/#organization","name":"PONS IP","url":"https:\/\/ponsip.com\/","logo":{"@type":"ImageObject","inLanguage":"en-US","@id":"https:\/\/ponsip.com\/#\/schema\/logo\/image\/","url":"https:\/\/ponsip.com\/wp-content\/uploads\/2021\/11\/logo-pons-ip.svg","contentUrl":"https:\/\/ponsip.com\/wp-content\/uploads\/2021\/11\/logo-pons-ip.svg","width":166,"height":26,"caption":"PONS IP"},"image":{"@id":"https:\/\/ponsip.com\/#\/schema\/logo\/image\/"}},{"@type":"Person","@id":"https:\/\/ponsip.com\/#\/schema\/person\/fddacdd4083a1386da67844c9a9aa1ad","name":"PONS IP","image":{"@type":"ImageObject","inLanguage":"en-US","@id":"https:\/\/ponsip.com\/#\/schema\/person\/image\/","url":"https:\/\/secure.gravatar.com\/avatar\/5293da9eb0924dc5a688c6ae125c68e6fd556f4e7a1ee9e98d058af84d5f5b6b?s=96&d=mm&r=g","contentUrl":"https:\/\/secure.gravatar.com\/avatar\/5293da9eb0924dc5a688c6ae125c68e6fd556f4e7a1ee9e98d058af84d5f5b6b?s=96&d=mm&r=g","caption":"PONS IP"},"url":"https:\/\/ponsip.com\/en\/ip-news\/author\/pons-ip\/"}]}},"_links":{"self":[{"href":"https:\/\/ponsip.com\/en\/wp-json\/wp\/v2\/posts\/22811","targetHints":{"allow":["GET"]}}],"collection":[{"href":"https:\/\/ponsip.com\/en\/wp-json\/wp\/v2\/posts"}],"about":[{"href":"https:\/\/ponsip.com\/en\/wp-json\/wp\/v2\/types\/post"}],"author":[{"embeddable":true,"href":"https:\/\/ponsip.com\/en\/wp-json\/wp\/v2\/users\/7"}],"replies":[{"embeddable":true,"href":"https:\/\/ponsip.com\/en\/wp-json\/wp\/v2\/comments?post=22811"}],"version-history":[{"count":1,"href":"https:\/\/ponsip.com\/en\/wp-json\/wp\/v2\/posts\/22811\/revisions"}],"predecessor-version":[{"id":22812,"href":"https:\/\/ponsip.com\/en\/wp-json\/wp\/v2\/posts\/22811\/revisions\/22812"}],"wp:featuredmedia":[{"embeddable":true,"href":"https:\/\/ponsip.com\/en\/wp-json\/wp\/v2\/media\/22808"}],"wp:attachment":[{"href":"https:\/\/ponsip.com\/en\/wp-json\/wp\/v2\/media?parent=22811"}],"wp:term":[{"taxonomy":"category","embeddable":true,"href":"https:\/\/ponsip.com\/en\/wp-json\/wp\/v2\/categories?post=22811"},{"taxonomy":"post_tag","embeddable":true,"href":"https:\/\/ponsip.com\/en\/wp-json\/wp\/v2\/tags?post=22811"}],"curies":[{"name":"wp","href":"https:\/\/api.w.org\/{rel}","templated":true}]}}