{"id":19061,"date":"2022-09-23T12:03:02","date_gmt":"2022-09-23T12:03:02","guid":{"rendered":"https:\/\/www.ponsip.com\/ip-news\/uncategorized\/pons-ip-coordinador-del-nuevo-grupo-de-trabajo-sobre-soberania-tecnologica-y-propiedad-industrial-e-intelectual-de-fundacion-cotec-2\/"},"modified":"2022-10-10T14:09:53","modified_gmt":"2022-10-10T14:09:53","slug":"pons-ip-coordinador-del-nuevo-grupo-de-trabajo-sobre-soberania-tecnologica-y-propiedad-industrial-e-intelectual-de-fundacion-cotec-2","status":"publish","type":"post","link":"https:\/\/ponsip.com\/en\/ip-news\/news\/pons-ip-coordinador-del-nuevo-grupo-de-trabajo-sobre-soberania-tecnologica-y-propiedad-industrial-e-intelectual-de-fundacion-cotec-2\/","title":{"rendered":"PONS IP, coordinator of Fundaci\u00f3n Cotec\u2019s new working group on Technological Sovereignty and Industrial and Intellectual Property"},"content":{"rendered":"\n<p><strong>Fundaci\u00f3n Cotec para la Innovaci\u00f3n<\/strong> has created a new Working Group, coordinated by <strong>PONS IP<\/strong>, with a dual purpose: <strong>to identify actions to promote technological sovereignty in Spain and to foster the generation of technology protected by industrial and intellectual property rights.<\/strong><\/p>\n\n\n\n<p>This group, comprised of 25 Cotec Members, held its first meeting today. Coordinated by PONS IP, it will be represented by its Managing Director, Nuria Marcos; the Director of Marketing, People and Corporate Culture, Ana L\u00f3pez de Castro; the entity\u2019s Strategic Advisor, Luis Ignacio Vicente; and the Director of Fundaci\u00f3n PONS, Mar\u00eda Jes\u00fas Magro. <\/p>\n\n\n\n<p>The concept of technological sovereignty that will be the starting point for the group\u2019s work is \u201cthe ability of a state to provide the technologies it deems critical for welfare, competitiveness, and its ability to act, and to be able to develop these technologies or source them from other areas without one-sided dependencies\u201d. Fraunhofer Institute established this definition two years ago, coinciding with the start of the pandemic and given the problems arising in supply chains. <\/p>\n\n\n\n<p>The group will use studies and regulations on the subject as a reference and develop recommendations that help to promote the development of its own technology in Spain, emphasising the importance of creating and managing industrial and intellectual property rights, among other matters.<\/p>\n\n\n\n<p>The Cotec Members that comprise this working group include: ADIF, the City Council of Madrid, the City Council of M\u00e1laga, CaixaBank, the Council of Science, Universities and spokespersons for the Community of Madrid, the M\u00e1laga Provincial Council, Exxita Be Circular, FI Group, Fundaci\u00f3n Atl\u00e9tico de Madrid, Fundaci\u00f3n Deloitte, Fundaci\u00f3n Iberdrola, Fundaci\u00f3n Tecnalia Research &amp; Innovation, the Council of Science, University and Knowledge Society of the Government of Aragon, Grupo Antol\u00edn Irausa, Institute for Business Competitiveness of Castile and Le\u00f3n (ICE), Valencian Institute of Business Competitiveness (IVACE), the Government of Extremadura, Patentes Talgo, Repsol, TEDAE, Telef\u00f3nica, TK Elevator Innovation Center, TMC Employeneurs, and the University of Granada.<strong><\/strong><\/p>\n\n\n\n<p>Fundaci\u00f3n Cotec is a private non-profit organisation whose mission is to promote innovation as a driving force of economic and social development in Spain. It has nearly 100 members, including private companies and regional and local administrations. His Majesty King Felipe IV is the Honorary Chairman. Moreover, Cotec Italy has existed since 2001 and Cotec Portugal since 2003. Since its creation in 1990, Cotec is known for its intense efforts to support technological innovation among Spanish companies. In fulfilling this mission, Cotec mainly excels in two activities: acting as an observatory for R&amp;D&amp;I, and providing analyses and advice on innovation, technology and the economy. In 2015, Cotec decided to take on new challenges to become a true agent of change and bring about structural and systemic transformations through innovation.      <\/p>\n\n\n\n<figure class=\"wp-block-image size-large\"><img fetchpriority=\"high\" decoding=\"async\" width=\"1024\" height=\"459\" src=\"https:\/\/ponsip.com\/wp-content\/uploads\/2022\/09\/LANZAMIENTO-GT-SOBERANIA-TECNOLOGICA_3-1024x459.jpg\" alt=\"\" class=\"wp-image-19035\" srcset=\"https:\/\/ponsip.com\/wp-content\/uploads\/2022\/09\/LANZAMIENTO-GT-SOBERANIA-TECNOLOGICA_3-1024x459.jpg 1024w, https:\/\/ponsip.com\/wp-content\/uploads\/2022\/09\/LANZAMIENTO-GT-SOBERANIA-TECNOLOGICA_3-300x134.jpg 300w, https:\/\/ponsip.com\/wp-content\/uploads\/2022\/09\/LANZAMIENTO-GT-SOBERANIA-TECNOLOGICA_3-768x344.jpg 768w, https:\/\/ponsip.com\/wp-content\/uploads\/2022\/09\/LANZAMIENTO-GT-SOBERANIA-TECNOLOGICA_3-1536x688.jpg 1536w, https:\/\/ponsip.com\/wp-content\/uploads\/2022\/09\/LANZAMIENTO-GT-SOBERANIA-TECNOLOGICA_3-2048x917.jpg 2048w\" sizes=\"(max-width: 1024px) 100vw, 1024px\" \/><\/figure>\n","protected":false},"excerpt":{"rendered":"<p>Fundaci\u00f3n Cotec para la Innovaci\u00f3n has created a new Working Group, coordinated by PONS IP, with a dual purpose: to identify actions to promote technological sovereignty in Spain and to foster the generation of technology protected by industrial and intellectual property rights. This group, comprised of 25 Cotec Members, held its first meeting today. Coordinated &#8230; <a title=\"PONS IP, coordinator of Fundaci\u00f3n Cotec\u2019s new working group on Technological Sovereignty and Industrial and Intellectual Property\" class=\"read-more\" href=\"https:\/\/ponsip.com\/en\/ip-news\/news\/pons-ip-coordinador-del-nuevo-grupo-de-trabajo-sobre-soberania-tecnologica-y-propiedad-industrial-e-intelectual-de-fundacion-cotec-2\/\" aria-label=\"Read more about PONS IP, coordinator of Fundaci\u00f3n Cotec\u2019s new working group on Technological Sovereignty and Industrial and Intellectual Property\">Read more<\/a><\/p>\n","protected":false},"author":7,"featured_media":19034,"comment_status":"closed","ping_status":"closed","sticky":false,"template":"","format":"standard","meta":{"footnotes":""},"categories":[75,65],"tags":[],"class_list":["post-19061","post","type-post","status-publish","format-standard","has-post-thumbnail","hentry","category-intellectual-property","category-news"],"yoast_head":"<!-- This site is optimized with the Yoast SEO plugin v26.2 - https:\/\/yoast.com\/wordpress\/plugins\/seo\/ -->\n<title>PONS IP, coordinator of Fundaci\u00f3n Cotec\u2019s new working group on Technological Sovereignty and Industrial and Intellectual Property - PONS IP<\/title>\n<meta name=\"robots\" content=\"index, follow, max-snippet:-1, max-image-preview:large, max-video-preview:-1\" \/>\n<meta property=\"og:locale\" content=\"en_US\" \/>\n<meta property=\"og:type\" content=\"article\" \/>\n<meta property=\"og:title\" content=\"PONS IP, coordinator of Fundaci\u00f3n Cotec\u2019s new working group on Technological Sovereignty and Industrial and Intellectual Property - PONS IP\" \/>\n<meta property=\"og:description\" content=\"Fundaci\u00f3n Cotec para la Innovaci\u00f3n has created a new Working Group, coordinated by PONS IP, with a dual purpose: to identify actions to promote technological sovereignty in Spain and to foster the generation of technology protected by industrial and intellectual property rights. This group, comprised of 25 Cotec Members, held its first meeting today. Coordinated ... Read more\" \/>\n<meta property=\"og:url\" content=\"https:\/\/ponsip.com\/en\/ip-news\/news\/pons-ip-coordinador-del-nuevo-grupo-de-trabajo-sobre-soberania-tecnologica-y-propiedad-industrial-e-intelectual-de-fundacion-cotec-2\/\" \/>\n<meta property=\"og:site_name\" content=\"PONS IP\" \/>\n<meta property=\"article:published_time\" content=\"2022-09-23T12:03:02+00:00\" \/>\n<meta property=\"article:modified_time\" content=\"2022-10-10T14:09:53+00:00\" \/>\n<meta property=\"og:image\" content=\"https:\/\/ponsip.com\/wp-content\/uploads\/2022\/09\/LANZAMIENTO-GT-SOBERANIA-TECNOLOGICA_1-scaled.jpg\" \/>\n\t<meta property=\"og:image:width\" content=\"2560\" \/>\n\t<meta property=\"og:image:height\" content=\"1146\" \/>\n\t<meta property=\"og:image:type\" content=\"image\/jpeg\" \/>\n<meta name=\"author\" content=\"PONS IP\" \/>\n<meta name=\"twitter:card\" content=\"summary_large_image\" \/>\n<meta name=\"twitter:label1\" content=\"Written by\" \/>\n\t<meta name=\"twitter:data1\" content=\"PONS IP\" \/>\n\t<meta name=\"twitter:label2\" content=\"Est. reading time\" \/>\n\t<meta name=\"twitter:data2\" content=\"3 minutes\" \/>\n<script type=\"application\/ld+json\" class=\"yoast-schema-graph\">{\"@context\":\"https:\/\/schema.org\",\"@graph\":[{\"@type\":\"Article\",\"@id\":\"https:\/\/ponsip.com\/en\/ip-news\/news\/pons-ip-coordinador-del-nuevo-grupo-de-trabajo-sobre-soberania-tecnologica-y-propiedad-industrial-e-intelectual-de-fundacion-cotec-2\/#article\",\"isPartOf\":{\"@id\":\"https:\/\/ponsip.com\/en\/ip-news\/news\/pons-ip-coordinador-del-nuevo-grupo-de-trabajo-sobre-soberania-tecnologica-y-propiedad-industrial-e-intelectual-de-fundacion-cotec-2\/\"},\"author\":{\"name\":\"PONS IP\",\"@id\":\"https:\/\/ponsip.com\/#\/schema\/person\/fddacdd4083a1386da67844c9a9aa1ad\"},\"headline\":\"PONS IP, coordinator of Fundaci\u00f3n Cotec\u2019s new working group on Technological Sovereignty and Industrial and Intellectual Property\",\"datePublished\":\"2022-09-23T12:03:02+00:00\",\"dateModified\":\"2022-10-10T14:09:53+00:00\",\"mainEntityOfPage\":{\"@id\":\"https:\/\/ponsip.com\/en\/ip-news\/news\/pons-ip-coordinador-del-nuevo-grupo-de-trabajo-sobre-soberania-tecnologica-y-propiedad-industrial-e-intelectual-de-fundacion-cotec-2\/\"},\"wordCount\":486,\"publisher\":{\"@id\":\"https:\/\/ponsip.com\/#organization\"},\"image\":{\"@id\":\"https:\/\/ponsip.com\/en\/ip-news\/news\/pons-ip-coordinador-del-nuevo-grupo-de-trabajo-sobre-soberania-tecnologica-y-propiedad-industrial-e-intelectual-de-fundacion-cotec-2\/#primaryimage\"},\"thumbnailUrl\":\"https:\/\/ponsip.com\/wp-content\/uploads\/2022\/09\/LANZAMIENTO-GT-SOBERANIA-TECNOLOGICA_1-scaled.jpg\",\"articleSection\":[\"Intellectual Property\",\"News\"],\"inLanguage\":\"en-US\"},{\"@type\":\"WebPage\",\"@id\":\"https:\/\/ponsip.com\/en\/ip-news\/news\/pons-ip-coordinador-del-nuevo-grupo-de-trabajo-sobre-soberania-tecnologica-y-propiedad-industrial-e-intelectual-de-fundacion-cotec-2\/\",\"url\":\"https:\/\/ponsip.com\/en\/ip-news\/news\/pons-ip-coordinador-del-nuevo-grupo-de-trabajo-sobre-soberania-tecnologica-y-propiedad-industrial-e-intelectual-de-fundacion-cotec-2\/\",\"name\":\"PONS IP, coordinator of Fundaci\u00f3n Cotec\u2019s new working group on Technological Sovereignty and Industrial and Intellectual Property - PONS IP\",\"isPartOf\":{\"@id\":\"https:\/\/ponsip.com\/#website\"},\"primaryImageOfPage\":{\"@id\":\"https:\/\/ponsip.com\/en\/ip-news\/news\/pons-ip-coordinador-del-nuevo-grupo-de-trabajo-sobre-soberania-tecnologica-y-propiedad-industrial-e-intelectual-de-fundacion-cotec-2\/#primaryimage\"},\"image\":{\"@id\":\"https:\/\/ponsip.com\/en\/ip-news\/news\/pons-ip-coordinador-del-nuevo-grupo-de-trabajo-sobre-soberania-tecnologica-y-propiedad-industrial-e-intelectual-de-fundacion-cotec-2\/#primaryimage\"},\"thumbnailUrl\":\"https:\/\/ponsip.com\/wp-content\/uploads\/2022\/09\/LANZAMIENTO-GT-SOBERANIA-TECNOLOGICA_1-scaled.jpg\",\"datePublished\":\"2022-09-23T12:03:02+00:00\",\"dateModified\":\"2022-10-10T14:09:53+00:00\",\"breadcrumb\":{\"@id\":\"https:\/\/ponsip.com\/en\/ip-news\/news\/pons-ip-coordinador-del-nuevo-grupo-de-trabajo-sobre-soberania-tecnologica-y-propiedad-industrial-e-intelectual-de-fundacion-cotec-2\/#breadcrumb\"},\"inLanguage\":\"en-US\",\"potentialAction\":[{\"@type\":\"ReadAction\",\"target\":[\"https:\/\/ponsip.com\/en\/ip-news\/news\/pons-ip-coordinador-del-nuevo-grupo-de-trabajo-sobre-soberania-tecnologica-y-propiedad-industrial-e-intelectual-de-fundacion-cotec-2\/\"]}]},{\"@type\":\"ImageObject\",\"inLanguage\":\"en-US\",\"@id\":\"https:\/\/ponsip.com\/en\/ip-news\/news\/pons-ip-coordinador-del-nuevo-grupo-de-trabajo-sobre-soberania-tecnologica-y-propiedad-industrial-e-intelectual-de-fundacion-cotec-2\/#primaryimage\",\"url\":\"https:\/\/ponsip.com\/wp-content\/uploads\/2022\/09\/LANZAMIENTO-GT-SOBERANIA-TECNOLOGICA_1-scaled.jpg\",\"contentUrl\":\"https:\/\/ponsip.com\/wp-content\/uploads\/2022\/09\/LANZAMIENTO-GT-SOBERANIA-TECNOLOGICA_1-scaled.jpg\",\"width\":2560,\"height\":1146},{\"@type\":\"BreadcrumbList\",\"@id\":\"https:\/\/ponsip.com\/en\/ip-news\/news\/pons-ip-coordinador-del-nuevo-grupo-de-trabajo-sobre-soberania-tecnologica-y-propiedad-industrial-e-intelectual-de-fundacion-cotec-2\/#breadcrumb\",\"itemListElement\":[{\"@type\":\"ListItem\",\"position\":1,\"name\":\"Portada\",\"item\":\"https:\/\/ponsip.com\/\"},{\"@type\":\"ListItem\",\"position\":2,\"name\":\"PONS IP, coordinator of Fundaci\u00f3n Cotec\u2019s new working group on Technological Sovereignty and Industrial and Intellectual Property\"}]},{\"@type\":\"WebSite\",\"@id\":\"https:\/\/ponsip.com\/#website\",\"url\":\"https:\/\/ponsip.com\/\",\"name\":\"PONS IP\",\"description\":\"Consultora Global especializada en Propiedad Industrial e Intelectual.\",\"publisher\":{\"@id\":\"https:\/\/ponsip.com\/#organization\"},\"potentialAction\":[{\"@type\":\"SearchAction\",\"target\":{\"@type\":\"EntryPoint\",\"urlTemplate\":\"https:\/\/ponsip.com\/?s={search_term_string}\"},\"query-input\":{\"@type\":\"PropertyValueSpecification\",\"valueRequired\":true,\"valueName\":\"search_term_string\"}}],\"inLanguage\":\"en-US\"},{\"@type\":\"Organization\",\"@id\":\"https:\/\/ponsip.com\/#organization\",\"name\":\"PONS IP\",\"url\":\"https:\/\/ponsip.com\/\",\"logo\":{\"@type\":\"ImageObject\",\"inLanguage\":\"en-US\",\"@id\":\"https:\/\/ponsip.com\/#\/schema\/logo\/image\/\",\"url\":\"https:\/\/ponsip.com\/wp-content\/uploads\/2021\/11\/logo-pons-ip.svg\",\"contentUrl\":\"https:\/\/ponsip.com\/wp-content\/uploads\/2021\/11\/logo-pons-ip.svg\",\"width\":166,\"height\":26,\"caption\":\"PONS IP\"},\"image\":{\"@id\":\"https:\/\/ponsip.com\/#\/schema\/logo\/image\/\"}},{\"@type\":\"Person\",\"@id\":\"https:\/\/ponsip.com\/#\/schema\/person\/fddacdd4083a1386da67844c9a9aa1ad\",\"name\":\"PONS IP\",\"image\":{\"@type\":\"ImageObject\",\"inLanguage\":\"en-US\",\"@id\":\"https:\/\/ponsip.com\/#\/schema\/person\/image\/\",\"url\":\"https:\/\/secure.gravatar.com\/avatar\/5293da9eb0924dc5a688c6ae125c68e6fd556f4e7a1ee9e98d058af84d5f5b6b?s=96&d=mm&r=g\",\"contentUrl\":\"https:\/\/secure.gravatar.com\/avatar\/5293da9eb0924dc5a688c6ae125c68e6fd556f4e7a1ee9e98d058af84d5f5b6b?s=96&d=mm&r=g\",\"caption\":\"PONS IP\"},\"url\":\"https:\/\/ponsip.com\/en\/ip-news\/author\/pons-ip\/\"}]}<\/script>\n<!-- \/ Yoast SEO plugin. -->","yoast_head_json":{"title":"PONS IP, coordinator of Fundaci\u00f3n Cotec\u2019s new working group on Technological Sovereignty and Industrial and Intellectual Property - PONS IP","robots":{"index":"index","follow":"follow","max-snippet":"max-snippet:-1","max-image-preview":"max-image-preview:large","max-video-preview":"max-video-preview:-1"},"og_locale":"en_US","og_type":"article","og_title":"PONS IP, coordinator of Fundaci\u00f3n Cotec\u2019s new working group on Technological Sovereignty and Industrial and Intellectual Property - PONS IP","og_description":"Fundaci\u00f3n Cotec para la Innovaci\u00f3n has created a new Working Group, coordinated by PONS IP, with a dual purpose: to identify actions to promote technological sovereignty in Spain and to foster the generation of technology protected by industrial and intellectual property rights. This group, comprised of 25 Cotec Members, held its first meeting today. Coordinated ... Read more","og_url":"https:\/\/ponsip.com\/en\/ip-news\/news\/pons-ip-coordinador-del-nuevo-grupo-de-trabajo-sobre-soberania-tecnologica-y-propiedad-industrial-e-intelectual-de-fundacion-cotec-2\/","og_site_name":"PONS IP","article_published_time":"2022-09-23T12:03:02+00:00","article_modified_time":"2022-10-10T14:09:53+00:00","og_image":[{"width":2560,"height":1146,"url":"https:\/\/ponsip.com\/wp-content\/uploads\/2022\/09\/LANZAMIENTO-GT-SOBERANIA-TECNOLOGICA_1-scaled.jpg","type":"image\/jpeg"}],"author":"PONS IP","twitter_card":"summary_large_image","twitter_misc":{"Written by":"PONS IP","Est. reading time":"3 minutes"},"schema":{"@context":"https:\/\/schema.org","@graph":[{"@type":"Article","@id":"https:\/\/ponsip.com\/en\/ip-news\/news\/pons-ip-coordinador-del-nuevo-grupo-de-trabajo-sobre-soberania-tecnologica-y-propiedad-industrial-e-intelectual-de-fundacion-cotec-2\/#article","isPartOf":{"@id":"https:\/\/ponsip.com\/en\/ip-news\/news\/pons-ip-coordinador-del-nuevo-grupo-de-trabajo-sobre-soberania-tecnologica-y-propiedad-industrial-e-intelectual-de-fundacion-cotec-2\/"},"author":{"name":"PONS IP","@id":"https:\/\/ponsip.com\/#\/schema\/person\/fddacdd4083a1386da67844c9a9aa1ad"},"headline":"PONS IP, coordinator of Fundaci\u00f3n Cotec\u2019s new working group on Technological Sovereignty and Industrial and Intellectual Property","datePublished":"2022-09-23T12:03:02+00:00","dateModified":"2022-10-10T14:09:53+00:00","mainEntityOfPage":{"@id":"https:\/\/ponsip.com\/en\/ip-news\/news\/pons-ip-coordinador-del-nuevo-grupo-de-trabajo-sobre-soberania-tecnologica-y-propiedad-industrial-e-intelectual-de-fundacion-cotec-2\/"},"wordCount":486,"publisher":{"@id":"https:\/\/ponsip.com\/#organization"},"image":{"@id":"https:\/\/ponsip.com\/en\/ip-news\/news\/pons-ip-coordinador-del-nuevo-grupo-de-trabajo-sobre-soberania-tecnologica-y-propiedad-industrial-e-intelectual-de-fundacion-cotec-2\/#primaryimage"},"thumbnailUrl":"https:\/\/ponsip.com\/wp-content\/uploads\/2022\/09\/LANZAMIENTO-GT-SOBERANIA-TECNOLOGICA_1-scaled.jpg","articleSection":["Intellectual Property","News"],"inLanguage":"en-US"},{"@type":"WebPage","@id":"https:\/\/ponsip.com\/en\/ip-news\/news\/pons-ip-coordinador-del-nuevo-grupo-de-trabajo-sobre-soberania-tecnologica-y-propiedad-industrial-e-intelectual-de-fundacion-cotec-2\/","url":"https:\/\/ponsip.com\/en\/ip-news\/news\/pons-ip-coordinador-del-nuevo-grupo-de-trabajo-sobre-soberania-tecnologica-y-propiedad-industrial-e-intelectual-de-fundacion-cotec-2\/","name":"PONS IP, coordinator of Fundaci\u00f3n Cotec\u2019s new working group on Technological Sovereignty and Industrial and Intellectual Property - PONS IP","isPartOf":{"@id":"https:\/\/ponsip.com\/#website"},"primaryImageOfPage":{"@id":"https:\/\/ponsip.com\/en\/ip-news\/news\/pons-ip-coordinador-del-nuevo-grupo-de-trabajo-sobre-soberania-tecnologica-y-propiedad-industrial-e-intelectual-de-fundacion-cotec-2\/#primaryimage"},"image":{"@id":"https:\/\/ponsip.com\/en\/ip-news\/news\/pons-ip-coordinador-del-nuevo-grupo-de-trabajo-sobre-soberania-tecnologica-y-propiedad-industrial-e-intelectual-de-fundacion-cotec-2\/#primaryimage"},"thumbnailUrl":"https:\/\/ponsip.com\/wp-content\/uploads\/2022\/09\/LANZAMIENTO-GT-SOBERANIA-TECNOLOGICA_1-scaled.jpg","datePublished":"2022-09-23T12:03:02+00:00","dateModified":"2022-10-10T14:09:53+00:00","breadcrumb":{"@id":"https:\/\/ponsip.com\/en\/ip-news\/news\/pons-ip-coordinador-del-nuevo-grupo-de-trabajo-sobre-soberania-tecnologica-y-propiedad-industrial-e-intelectual-de-fundacion-cotec-2\/#breadcrumb"},"inLanguage":"en-US","potentialAction":[{"@type":"ReadAction","target":["https:\/\/ponsip.com\/en\/ip-news\/news\/pons-ip-coordinador-del-nuevo-grupo-de-trabajo-sobre-soberania-tecnologica-y-propiedad-industrial-e-intelectual-de-fundacion-cotec-2\/"]}]},{"@type":"ImageObject","inLanguage":"en-US","@id":"https:\/\/ponsip.com\/en\/ip-news\/news\/pons-ip-coordinador-del-nuevo-grupo-de-trabajo-sobre-soberania-tecnologica-y-propiedad-industrial-e-intelectual-de-fundacion-cotec-2\/#primaryimage","url":"https:\/\/ponsip.com\/wp-content\/uploads\/2022\/09\/LANZAMIENTO-GT-SOBERANIA-TECNOLOGICA_1-scaled.jpg","contentUrl":"https:\/\/ponsip.com\/wp-content\/uploads\/2022\/09\/LANZAMIENTO-GT-SOBERANIA-TECNOLOGICA_1-scaled.jpg","width":2560,"height":1146},{"@type":"BreadcrumbList","@id":"https:\/\/ponsip.com\/en\/ip-news\/news\/pons-ip-coordinador-del-nuevo-grupo-de-trabajo-sobre-soberania-tecnologica-y-propiedad-industrial-e-intelectual-de-fundacion-cotec-2\/#breadcrumb","itemListElement":[{"@type":"ListItem","position":1,"name":"Portada","item":"https:\/\/ponsip.com\/"},{"@type":"ListItem","position":2,"name":"PONS IP, coordinator of Fundaci\u00f3n Cotec\u2019s new working group on Technological Sovereignty and Industrial and Intellectual Property"}]},{"@type":"WebSite","@id":"https:\/\/ponsip.com\/#website","url":"https:\/\/ponsip.com\/","name":"PONS IP","description":"Consultora Global especializada en Propiedad Industrial e Intelectual.","publisher":{"@id":"https:\/\/ponsip.com\/#organization"},"potentialAction":[{"@type":"SearchAction","target":{"@type":"EntryPoint","urlTemplate":"https:\/\/ponsip.com\/?s={search_term_string}"},"query-input":{"@type":"PropertyValueSpecification","valueRequired":true,"valueName":"search_term_string"}}],"inLanguage":"en-US"},{"@type":"Organization","@id":"https:\/\/ponsip.com\/#organization","name":"PONS IP","url":"https:\/\/ponsip.com\/","logo":{"@type":"ImageObject","inLanguage":"en-US","@id":"https:\/\/ponsip.com\/#\/schema\/logo\/image\/","url":"https:\/\/ponsip.com\/wp-content\/uploads\/2021\/11\/logo-pons-ip.svg","contentUrl":"https:\/\/ponsip.com\/wp-content\/uploads\/2021\/11\/logo-pons-ip.svg","width":166,"height":26,"caption":"PONS IP"},"image":{"@id":"https:\/\/ponsip.com\/#\/schema\/logo\/image\/"}},{"@type":"Person","@id":"https:\/\/ponsip.com\/#\/schema\/person\/fddacdd4083a1386da67844c9a9aa1ad","name":"PONS IP","image":{"@type":"ImageObject","inLanguage":"en-US","@id":"https:\/\/ponsip.com\/#\/schema\/person\/image\/","url":"https:\/\/secure.gravatar.com\/avatar\/5293da9eb0924dc5a688c6ae125c68e6fd556f4e7a1ee9e98d058af84d5f5b6b?s=96&d=mm&r=g","contentUrl":"https:\/\/secure.gravatar.com\/avatar\/5293da9eb0924dc5a688c6ae125c68e6fd556f4e7a1ee9e98d058af84d5f5b6b?s=96&d=mm&r=g","caption":"PONS IP"},"url":"https:\/\/ponsip.com\/en\/ip-news\/author\/pons-ip\/"}]}},"_links":{"self":[{"href":"https:\/\/ponsip.com\/en\/wp-json\/wp\/v2\/posts\/19061","targetHints":{"allow":["GET"]}}],"collection":[{"href":"https:\/\/ponsip.com\/en\/wp-json\/wp\/v2\/posts"}],"about":[{"href":"https:\/\/ponsip.com\/en\/wp-json\/wp\/v2\/types\/post"}],"author":[{"embeddable":true,"href":"https:\/\/ponsip.com\/en\/wp-json\/wp\/v2\/users\/7"}],"replies":[{"embeddable":true,"href":"https:\/\/ponsip.com\/en\/wp-json\/wp\/v2\/comments?post=19061"}],"version-history":[{"count":0,"href":"https:\/\/ponsip.com\/en\/wp-json\/wp\/v2\/posts\/19061\/revisions"}],"wp:featuredmedia":[{"embeddable":true,"href":"https:\/\/ponsip.com\/en\/wp-json\/wp\/v2\/media\/19034"}],"wp:attachment":[{"href":"https:\/\/ponsip.com\/en\/wp-json\/wp\/v2\/media?parent=19061"}],"wp:term":[{"taxonomy":"category","embeddable":true,"href":"https:\/\/ponsip.com\/en\/wp-json\/wp\/v2\/categories?post=19061"},{"taxonomy":"post_tag","embeddable":true,"href":"https:\/\/ponsip.com\/en\/wp-json\/wp\/v2\/tags?post=19061"}],"curies":[{"name":"wp","href":"https:\/\/api.w.org\/{rel}","templated":true}]}}